{"id":112,"date":"2016-04-19T12:10:53","date_gmt":"2016-04-19T10:10:53","guid":{"rendered":"http:\/\/photoclub-puyloubier.org\/?p=112"},"modified":"2018-09-13T23:56:45","modified_gmt":"2018-09-13T21:56:45","slug":"exposition-a-martigues","status":"publish","type":"post","link":"https:\/\/photoclub-puyloubier.org\/index.php\/2016\/04\/19\/exposition-a-martigues\/","title":{"rendered":"Exposition \u00e0 Martigues"},"content":{"rendered":"<p>Notre exposition &#8220;Des voiles sur l&#8217;\u00e9tang de Berre&#8221; a voyag\u00e9 \u00e0 Martigues, plus exactement au Cercle de Voile de Martigues. C&#8217;est en collaboration avec cette association que nous avions r\u00e9alis\u00e9 toutes les photos de l&#8217;exposition ainsi que celles qui sont expos\u00e9es en ligne sur le site de FlickR (<a href=\"https:\/\/www.flickr.com\/photos\/129516439@N05\/albums\/72157658608842573\" target=\"_blank\">https:\/\/www.flickr.com\/photos\/129516439@N05\/albums\/72157658608842573<\/a>) et nous voulions \u00e0 tout prix les exposer \u00e9galement \u00e0 Martigues, au si\u00e8ge du Cercle de Voile.<\/p>\n<p>Voici quelques photos de cet \u00e9v\u00e8nement.<br \/>\nL&#8217;installation, tout d&#8217;abord:<\/p>\n<table border=\"0\" width=\"100%\" cellspacing=\"5\" align=\"center\">\n<tbody>\n<tr>\n<td align=\"center\" valign=\"bottom\"><a href=\"http:\/\/photoclub-puyloubier.org\/wp-content\/uploads\/2016\/04\/ajp-expo-martigues-01.jpg\"><img loading=\"lazy\" class=\"alignnone wp-image-114 size-medium\" src=\"http:\/\/photoclub-puyloubier.org\/wp-content\/uploads\/2016\/04\/ajp-expo-martigues-01-300x225.jpg\" alt=\"ajp-expo martigues-01\" width=\"300\" height=\"225\" srcset=\"https:\/\/photoclub-puyloubier.org\/wp-content\/uploads\/2016\/04\/ajp-expo-martigues-01-300x225.jpg 300w, https:\/\/photoclub-puyloubier.org\/wp-content\/uploads\/2016\/04\/ajp-expo-martigues-01-1067x800.jpg 1067w, https:\/\/photoclub-puyloubier.org\/wp-content\/uploads\/2016\/04\/ajp-expo-martigues-01.jpg 1440w\" sizes=\"(max-width: 300px) 100vw, 300px\" \/><\/a><\/td>\n<td align=\"center\" valign=\"bottom\"><a href=\"http:\/\/photoclub-puyloubier.org\/wp-content\/uploads\/2016\/04\/ajp-expo-martigues-02.jpg\"><img loading=\"lazy\" class=\"alignnone wp-image-115 size-medium\" src=\"http:\/\/photoclub-puyloubier.org\/wp-content\/uploads\/2016\/04\/ajp-expo-martigues-02-300x225.jpg\" alt=\"ajp-expo martigues-02\" width=\"300\" height=\"225\" srcset=\"https:\/\/photoclub-puyloubier.org\/wp-content\/uploads\/2016\/04\/ajp-expo-martigues-02-300x225.jpg 300w, https:\/\/photoclub-puyloubier.org\/wp-content\/uploads\/2016\/04\/ajp-expo-martigues-02-1067x800.jpg 1067w, https:\/\/photoclub-puyloubier.org\/wp-content\/uploads\/2016\/04\/ajp-expo-martigues-02.jpg 1440w\" sizes=\"(max-width: 300px) 100vw, 300px\" \/><\/a><\/td>\n<td align=\"center\" valign=\"bottom\"><a href=\"http:\/\/photoclub-puyloubier.org\/wp-content\/uploads\/2016\/04\/ajp-expo-martigues-03.jpg\"><img loading=\"lazy\" class=\"alignnone wp-image-116 size-medium\" src=\"http:\/\/photoclub-puyloubier.org\/wp-content\/uploads\/2016\/04\/ajp-expo-martigues-03-300x225.jpg\" alt=\"ajp-expo martigues-03\" width=\"300\" height=\"225\" srcset=\"https:\/\/photoclub-puyloubier.org\/wp-content\/uploads\/2016\/04\/ajp-expo-martigues-03-300x225.jpg 300w, https:\/\/photoclub-puyloubier.org\/wp-content\/uploads\/2016\/04\/ajp-expo-martigues-03-1067x800.jpg 1067w, https:\/\/photoclub-puyloubier.org\/wp-content\/uploads\/2016\/04\/ajp-expo-martigues-03.jpg 1440w\" sizes=\"(max-width: 300px) 100vw, 300px\" \/><\/a><\/td>\n<td align=\"center\" valign=\"bottom\"><a href=\"http:\/\/photoclub-puyloubier.org\/wp-content\/uploads\/2016\/04\/ajp-expo-martigues-04.jpg\"><img loading=\"lazy\" class=\"alignnone wp-image-117 size-medium\" src=\"http:\/\/photoclub-puyloubier.org\/wp-content\/uploads\/2016\/04\/ajp-expo-martigues-04-300x225.jpg\" alt=\"ajp-expo martigues-04\" width=\"300\" height=\"225\" srcset=\"https:\/\/photoclub-puyloubier.org\/wp-content\/uploads\/2016\/04\/ajp-expo-martigues-04-300x225.jpg 300w, https:\/\/photoclub-puyloubier.org\/wp-content\/uploads\/2016\/04\/ajp-expo-martigues-04-1067x800.jpg 1067w, https:\/\/photoclub-puyloubier.org\/wp-content\/uploads\/2016\/04\/ajp-expo-martigues-04.jpg 1441w\" sizes=\"(max-width: 300px) 100vw, 300px\" \/><\/a><\/td>\n<\/tr>\n<\/tbody>\n<\/table>\n<p>Au loin, Sainte-Victoire nous regarde&#8230;<\/p>\n<p><a href=\"http:\/\/photoclub-puyloubier.org\/wp-content\/uploads\/2016\/04\/ajp-expo-martigues-05.jpg\"><img loading=\"lazy\" class=\"aligncenter wp-image-118 size-medium\" src=\"http:\/\/photoclub-puyloubier.org\/wp-content\/uploads\/2016\/04\/ajp-expo-martigues-05-300x225.jpg\" alt=\"ajp-expo martigues-05\" width=\"300\" height=\"225\" srcset=\"https:\/\/photoclub-puyloubier.org\/wp-content\/uploads\/2016\/04\/ajp-expo-martigues-05-300x225.jpg 300w, https:\/\/photoclub-puyloubier.org\/wp-content\/uploads\/2016\/04\/ajp-expo-martigues-05-1067x800.jpg 1067w, https:\/\/photoclub-puyloubier.org\/wp-content\/uploads\/2016\/04\/ajp-expo-martigues-05.jpg 1440w\" sizes=\"(max-width: 300px) 100vw, 300px\" \/><\/a><\/p>\n<p>Premiers visiteurs \u00e0 l&#8217;exposition et vernissage, avec la pr\u00e9sence du Maire de Martigues et d&#8217;Henri GAUTIER en repr\u00e9sentation de la Mairie de Puyloubier.<\/p>\n<table border=\"0\" width=\"100%\" cellspacing=\"5\" align=\"center\">\n<tbody>\n<tr>\n<td align=\"center\" valign=\"bottom\">\u00a0<a href=\"http:\/\/photoclub-puyloubier.org\/wp-content\/uploads\/2016\/04\/ajp-expo-martigues-06.jpg\"><img loading=\"lazy\" class=\"alignnone wp-image-119 size-medium\" src=\"http:\/\/photoclub-puyloubier.org\/wp-content\/uploads\/2016\/04\/ajp-expo-martigues-06-300x225.jpg\" alt=\"ajp-expo martigues-06\" width=\"300\" height=\"225\" srcset=\"https:\/\/photoclub-puyloubier.org\/wp-content\/uploads\/2016\/04\/ajp-expo-martigues-06-300x225.jpg 300w, https:\/\/photoclub-puyloubier.org\/wp-content\/uploads\/2016\/04\/ajp-expo-martigues-06-1067x800.jpg 1067w, https:\/\/photoclub-puyloubier.org\/wp-content\/uploads\/2016\/04\/ajp-expo-martigues-06.jpg 1440w\" sizes=\"(max-width: 300px) 100vw, 300px\" \/><\/a><\/td>\n<td align=\"center\" valign=\"bottom\"><a href=\"http:\/\/photoclub-puyloubier.org\/wp-content\/uploads\/2016\/04\/ajp-expo-martigues-07.jpg\"><img loading=\"lazy\" class=\"alignnone wp-image-120 size-medium\" src=\"http:\/\/photoclub-puyloubier.org\/wp-content\/uploads\/2016\/04\/ajp-expo-martigues-07-300x225.jpg\" alt=\"ajp-expo martigues-07\" width=\"300\" height=\"225\" srcset=\"https:\/\/photoclub-puyloubier.org\/wp-content\/uploads\/2016\/04\/ajp-expo-martigues-07-300x225.jpg 300w, https:\/\/photoclub-puyloubier.org\/wp-content\/uploads\/2016\/04\/ajp-expo-martigues-07-1067x800.jpg 1067w, https:\/\/photoclub-puyloubier.org\/wp-content\/uploads\/2016\/04\/ajp-expo-martigues-07.jpg 1440w\" sizes=\"(max-width: 300px) 100vw, 300px\" \/><\/a><\/td>\n<td align=\"center\" valign=\"bottom\"><a href=\"http:\/\/photoclub-puyloubier.org\/wp-content\/uploads\/2016\/04\/ajp-expo-martigues-08.jpg\"><img loading=\"lazy\" class=\"alignnone wp-image-121 size-medium\" src=\"http:\/\/photoclub-puyloubier.org\/wp-content\/uploads\/2016\/04\/ajp-expo-martigues-08-300x176.jpg\" alt=\"ajp-expo martigues-08\" width=\"300\" height=\"176\" srcset=\"https:\/\/photoclub-puyloubier.org\/wp-content\/uploads\/2016\/04\/ajp-expo-martigues-08-300x176.jpg 300w, https:\/\/photoclub-puyloubier.org\/wp-content\/uploads\/2016\/04\/ajp-expo-martigues-08-1200x702.jpg 1200w, https:\/\/photoclub-puyloubier.org\/wp-content\/uploads\/2016\/04\/ajp-expo-martigues-08.jpg 1846w\" sizes=\"(max-width: 300px) 100vw, 300px\" \/><\/a><\/td>\n<td align=\"center\" valign=\"bottom\"><a href=\"http:\/\/photoclub-puyloubier.org\/wp-content\/uploads\/2016\/04\/ajp-expo-martigues-09.jpg\"><img loading=\"lazy\" class=\"alignnone wp-image-122 size-medium\" src=\"http:\/\/photoclub-puyloubier.org\/wp-content\/uploads\/2016\/04\/ajp-expo-martigues-09-300x225.jpg\" alt=\"ajp-expo martigues-09\" width=\"300\" height=\"225\" srcset=\"https:\/\/photoclub-puyloubier.org\/wp-content\/uploads\/2016\/04\/ajp-expo-martigues-09-300x225.jpg 300w, https:\/\/photoclub-puyloubier.org\/wp-content\/uploads\/2016\/04\/ajp-expo-martigues-09-1067x800.jpg 1067w, https:\/\/photoclub-puyloubier.org\/wp-content\/uploads\/2016\/04\/ajp-expo-martigues-09.jpg 1440w\" sizes=\"(max-width: 300px) 100vw, 300px\" \/><\/a><\/td>\n<\/tr>\n<tr>\n<td align=\"center\" valign=\"bottom\"><a href=\"http:\/\/photoclub-puyloubier.org\/wp-content\/uploads\/2016\/04\/ajp-expo-martigues-11.jpg\"><img loading=\"lazy\" class=\"alignnone wp-image-124 size-medium\" src=\"http:\/\/photoclub-puyloubier.org\/wp-content\/uploads\/2016\/04\/ajp-expo-martigues-11-300x225.jpg\" alt=\"ajp-expo martigues-11\" width=\"300\" height=\"225\" srcset=\"https:\/\/photoclub-puyloubier.org\/wp-content\/uploads\/2016\/04\/ajp-expo-martigues-11-300x225.jpg 300w, https:\/\/photoclub-puyloubier.org\/wp-content\/uploads\/2016\/04\/ajp-expo-martigues-11-1067x800.jpg 1067w, https:\/\/photoclub-puyloubier.org\/wp-content\/uploads\/2016\/04\/ajp-expo-martigues-11.jpg 1440w\" sizes=\"(max-width: 300px) 100vw, 300px\" \/><\/a><\/td>\n<td align=\"center\" valign=\"bottom\">\u00a0<a href=\"http:\/\/photoclub-puyloubier.org\/wp-content\/uploads\/2016\/04\/ajp-expo-martigues-10.jpg\"><img loading=\"lazy\" class=\"alignnone wp-image-123 size-medium\" src=\"http:\/\/photoclub-puyloubier.org\/wp-content\/uploads\/2016\/04\/ajp-expo-martigues-10-225x300.jpg\" alt=\"ajp-expo martigues-10\" width=\"225\" height=\"300\" srcset=\"https:\/\/photoclub-puyloubier.org\/wp-content\/uploads\/2016\/04\/ajp-expo-martigues-10-225x300.jpg 225w, https:\/\/photoclub-puyloubier.org\/wp-content\/uploads\/2016\/04\/ajp-expo-martigues-10-600x800.jpg 600w, https:\/\/photoclub-puyloubier.org\/wp-content\/uploads\/2016\/04\/ajp-expo-martigues-10.jpg 1080w\" sizes=\"(max-width: 225px) 100vw, 225px\" \/><\/a><\/td>\n<td align=\"center\" valign=\"bottom\"><a href=\"http:\/\/photoclub-puyloubier.org\/wp-content\/uploads\/2016\/04\/ajp-expo-martigues-12.jpg\"><img loading=\"lazy\" class=\"alignnone wp-image-125 size-medium\" src=\"http:\/\/photoclub-puyloubier.org\/wp-content\/uploads\/2016\/04\/ajp-expo-martigues-12-300x225.jpg\" alt=\"ajp-expo martigues-12\" width=\"300\" height=\"225\" srcset=\"https:\/\/photoclub-puyloubier.org\/wp-content\/uploads\/2016\/04\/ajp-expo-martigues-12-300x225.jpg 300w, https:\/\/photoclub-puyloubier.org\/wp-content\/uploads\/2016\/04\/ajp-expo-martigues-12-1067x800.jpg 1067w, https:\/\/photoclub-puyloubier.org\/wp-content\/uploads\/2016\/04\/ajp-expo-martigues-12.jpg 1440w\" sizes=\"(max-width: 300px) 100vw, 300px\" \/><\/a><\/td>\n<td align=\"center\" valign=\"bottom\"><a href=\"http:\/\/photoclub-puyloubier.org\/wp-content\/uploads\/2016\/04\/ajp-expo-martigues-13.jpg\"><img loading=\"lazy\" class=\"alignnone wp-image-126 size-medium\" src=\"http:\/\/photoclub-puyloubier.org\/wp-content\/uploads\/2016\/04\/ajp-expo-martigues-13-300x225.jpg\" alt=\"ajp-expo martigues-13\" width=\"300\" height=\"225\" srcset=\"https:\/\/photoclub-puyloubier.org\/wp-content\/uploads\/2016\/04\/ajp-expo-martigues-13-300x225.jpg 300w, https:\/\/photoclub-puyloubier.org\/wp-content\/uploads\/2016\/04\/ajp-expo-martigues-13-1067x800.jpg 1067w, https:\/\/photoclub-puyloubier.org\/wp-content\/uploads\/2016\/04\/ajp-expo-martigues-13.jpg 1440w\" sizes=\"(max-width: 300px) 100vw, 300px\" \/><\/a><\/td>\n<\/tr>\n<\/tbody>\n<\/table>\n","protected":false},"excerpt":{"rendered":"<p>Notre exposition &#8220;Des voiles sur l&#8217;\u00e9tang de Berre&#8221; a voyag\u00e9 \u00e0 Martigues, plus exactement au Cercle de Voile de Martigues. C&#8217;est en collaboration avec cette association que nous avions r\u00e9alis\u00e9 toutes les photos de l&#8217;exposition ainsi que celles qui sont&#8230; <a href=\"https:\/\/photoclub-puyloubier.org\/index.php\/2016\/04\/19\/exposition-a-martigues\/\" class=\"read-more\">Lire la suite&#8230;<\/a><\/p>\n","protected":false},"author":1,"featured_media":120,"comment_status":"closed","ping_status":"open","sticky":false,"template":"","format":"standard","meta":[],"categories":[1],"tags":[8,3,6,9,7,4],"_links":{"self":[{"href":"https:\/\/photoclub-puyloubier.org\/index.php\/wp-json\/wp\/v2\/posts\/112"}],"collection":[{"href":"https:\/\/photoclub-puyloubier.org\/index.php\/wp-json\/wp\/v2\/posts"}],"about":[{"href":"https:\/\/photoclub-puyloubier.org\/index.php\/wp-json\/wp\/v2\/types\/post"}],"author":[{"embeddable":true,"href":"https:\/\/photoclub-puyloubier.org\/index.php\/wp-json\/wp\/v2\/users\/1"}],"replies":[{"embeddable":true,"href":"https:\/\/photoclub-puyloubier.org\/index.php\/wp-json\/wp\/v2\/comments?post=112"}],"version-history":[{"count":4,"href":"https:\/\/photoclub-puyloubier.org\/index.php\/wp-json\/wp\/v2\/posts\/112\/revisions"}],"predecessor-version":[{"id":129,"href":"https:\/\/photoclub-puyloubier.org\/index.php\/wp-json\/wp\/v2\/posts\/112\/revisions\/129"}],"wp:featuredmedia":[{"embeddable":true,"href":"https:\/\/photoclub-puyloubier.org\/index.php\/wp-json\/wp\/v2\/media\/120"}],"wp:attachment":[{"href":"https:\/\/photoclub-puyloubier.org\/index.php\/wp-json\/wp\/v2\/media?parent=112"}],"wp:term":[{"taxonomy":"category","embeddable":true,"href":"https:\/\/photoclub-puyloubier.org\/index.php\/wp-json\/wp\/v2\/categories?post=112"},{"taxonomy":"post_tag","embeddable":true,"href":"https:\/\/photoclub-puyloubier.org\/index.php\/wp-json\/wp\/v2\/tags?post=112"}],"curies":[{"name":"wp","href":"https:\/\/api.w.org\/{rel}","templated":true}]}}