{"id":215,"date":"2018-02-08T12:57:15","date_gmt":"2018-02-08T11:57:15","guid":{"rendered":"http:\/\/photoclub-puyloubier.org\/?p=215"},"modified":"2018-09-13T23:57:45","modified_gmt":"2018-09-13T21:57:45","slug":"sortie-du-11-janvier-2018","status":"publish","type":"post","link":"https:\/\/photoclub-puyloubier.org\/index.php\/2018\/02\/08\/sortie-du-11-janvier-2018\/","title":{"rendered":"Sortie du 11 janvier 2018"},"content":{"rendered":"<h2>Th\u00e8mes \u00e0 d\u00e9velopper<\/h2>\n<figure id=\"attachment_217\" aria-describedby=\"caption-attachment-217\" style=\"width: 200px\" class=\"wp-caption alignright\"><a href=\"http:\/\/photoclub-puyloubier.org\/wp-content\/uploads\/2018\/02\/0806-141.jpg\"><img loading=\"lazy\" class=\"wp-image-217 size-medium\" src=\"http:\/\/photoclub-puyloubier.org\/wp-content\/uploads\/2018\/02\/0806-141-200x300.jpg\" alt=\"Couleurs du march\u00e9\" width=\"200\" height=\"300\" srcset=\"https:\/\/photoclub-puyloubier.org\/wp-content\/uploads\/2018\/02\/0806-141-200x300.jpg 200w, https:\/\/photoclub-puyloubier.org\/wp-content\/uploads\/2018\/02\/0806-141.jpg 533w\" sizes=\"(max-width: 200px) 100vw, 200px\" \/><\/a><figcaption id=\"caption-attachment-217\" class=\"wp-caption-text\">Place Richelme, devant le march\u00e9 alimentaire<\/figcaption><\/figure>\n<h3>Pose longue<\/h3>\n<p>Chercher une rue \u00e0 l&#8217;ombre avec des pi\u00e9tons qui s&#8217;activent (la rue Espariat, par exemple. Prise du bas vers le haut, elle offre une belle perspective).<br \/>\nChoisir la sensibilit\u00e9 la plus basse, fermer le diaphragme au maximum, ajoutez un filtre polarisant ou \u00e0 densit\u00e9 neutre si vous en avez et prenez appui sur un mur pour tenir votre appareil avec fermet\u00e9.<br \/>\nL&#8217;id\u00e9al c&#8217;est que les pi\u00e9tons apparaissent flous sur la photo finale.<\/p>\n<p>Si vous n&#8217;y arrivez pas, pas de panique, il y a d&#8217;autres sujets \u00e0 exploiter dans la journ\u00e9e.<\/p>\n<h3>March\u00e9 alimentaire et march\u00e9 aux fleurs<\/h3>\n<p>(Place Richelme et Place de l&#8217;Hotel de Ville respectivement)<\/p>\n<p>Il y a tout ce que vous voulez pour l&#8217;un des sujets de l&#8217;ann\u00e9e &#8220;Les couleurs du march\u00e9&#8221;: couleurs, personnages, d\u00e9tails, situations insolites, visages, etc.<\/p>\n<h3>Fontaines<\/h3>\n<p>Cherchez \u00e0 faire une photo qui sugg\u00e8re une fontaine, sans la d\u00e9voiler vraiment.<\/p>\n<h3>Photo abstraite<\/h3>\n<figure id=\"attachment_218\" aria-describedby=\"caption-attachment-218\" style=\"width: 300px\" class=\"wp-caption alignright\"><a href=\"http:\/\/photoclub-puyloubier.org\/wp-content\/uploads\/2018\/02\/1802-011.jpg\"><img loading=\"lazy\" class=\"wp-image-218 size-medium\" src=\"http:\/\/photoclub-puyloubier.org\/wp-content\/uploads\/2018\/02\/1802-011-300x200.jpg\" alt=\"Photo abstraite\" width=\"300\" height=\"200\" srcset=\"https:\/\/photoclub-puyloubier.org\/wp-content\/uploads\/2018\/02\/1802-011-300x200.jpg 300w, https:\/\/photoclub-puyloubier.org\/wp-content\/uploads\/2018\/02\/1802-011.jpg 800w\" sizes=\"(max-width: 300px) 100vw, 300px\" \/><\/a><figcaption id=\"caption-attachment-218\" class=\"wp-caption-text\">Photo abstraite<\/figcaption><\/figure>\n<p>Laissez tra\u00eener votre regard et cherchez de motifs (couleur ou noir et blanc) qui peuvent sugg\u00e9rer un tableau abstrait<\/p>\n<h3>\u00c9quipement<\/h3>\n<ul>\n<li>Appareil photo r\u00e9flex ou hybride<\/li>\n<li>Objectifs \u00e0 volont\u00e9<\/li>\n<li>Filtre polarisant (facultatif)<\/li>\n<li>Filtre de densit\u00e9 neutre (facultatif)<\/li>\n<li>Pas de tr\u00e9pied<\/li>\n<li>Bonnes chaussure pour marcher en ville<\/li>\n<li>V\u00eatements chauds (il va faire froid&#8230;)<\/li>\n<li>Pique nique pour midi<\/li>\n<\/ul>\n<h3>Planification de la journ\u00e9e<\/h3>\n<ul>\n<li><strong>10h30<\/strong>: Rendez-vous directement \u00e0 Aix, au bas du cours Mirabeau, au pied de la statue c\u00f4t\u00e9 gauche en montant<\/li>\n<li><strong>10h30 &#8211; 12h30<\/strong>: Photos au centre ville<br \/>\nPose longue, march\u00e9s, photos abstraites. Vous pouvez photographier en petits groupes ou en solitaire.<\/li>\n<li><strong>12h30 &#8211; 13h30<\/strong>: Pique nique au Parc Jourdan<\/li>\n<li><strong>13h30 &#8211; 15h30<\/strong>: Photos en ville<br \/>\nPose longue, fontaines, photos abstraites. En petits groupes ou en solitaire.<\/li>\n<li><strong>15h30<\/strong>: Rendez-vous au point de rencontre de la matin\u00e9e et retour \u00e0 la maison.<\/li>\n<\/ul>\n<p style=\"text-align: center;\"><em><strong><a href=\"https:\/\/fr.mappy.com\/plan\/13080-aix-en-provence#\/10\/M2\/TSearch\/S13080+aix-en-provence\/N151.12061,6.11309,5.45414,43.52491\/Z16\/\" target=\"_blank\">Plan de la ville d&#8217;Aix-en-Provence pour ceux qui ne connaissent pas (bien) la ville<\/a><\/strong><\/em><\/p>\n","protected":false},"excerpt":{"rendered":"<p>Th\u00e8mes \u00e0 d\u00e9velopper Pose longue Chercher une rue \u00e0 l&#8217;ombre avec des pi\u00e9tons qui s&#8217;activent (la rue Espariat, par exemple. Prise du bas vers le haut, elle offre une belle perspective). Choisir la sensibilit\u00e9 la plus basse, fermer le diaphragme&#8230; <a href=\"https:\/\/photoclub-puyloubier.org\/index.php\/2018\/02\/08\/sortie-du-11-janvier-2018\/\" class=\"read-more\">Lire la suite&#8230;<\/a><\/p>\n","protected":false},"author":1,"featured_media":224,"comment_status":"closed","ping_status":"open","sticky":false,"template":"","format":"standard","meta":[],"categories":[1],"tags":[],"_links":{"self":[{"href":"https:\/\/photoclub-puyloubier.org\/index.php\/wp-json\/wp\/v2\/posts\/215"}],"collection":[{"href":"https:\/\/photoclub-puyloubier.org\/index.php\/wp-json\/wp\/v2\/posts"}],"about":[{"href":"https:\/\/photoclub-puyloubier.org\/index.php\/wp-json\/wp\/v2\/types\/post"}],"author":[{"embeddable":true,"href":"https:\/\/photoclub-puyloubier.org\/index.php\/wp-json\/wp\/v2\/users\/1"}],"replies":[{"embeddable":true,"href":"https:\/\/photoclub-puyloubier.org\/index.php\/wp-json\/wp\/v2\/comments?post=215"}],"version-history":[{"count":7,"href":"https:\/\/photoclub-puyloubier.org\/index.php\/wp-json\/wp\/v2\/posts\/215\/revisions"}],"predecessor-version":[{"id":225,"href":"https:\/\/photoclub-puyloubier.org\/index.php\/wp-json\/wp\/v2\/posts\/215\/revisions\/225"}],"wp:featuredmedia":[{"embeddable":true,"href":"https:\/\/photoclub-puyloubier.org\/index.php\/wp-json\/wp\/v2\/media\/224"}],"wp:attachment":[{"href":"https:\/\/photoclub-puyloubier.org\/index.php\/wp-json\/wp\/v2\/media?parent=215"}],"wp:term":[{"taxonomy":"category","embeddable":true,"href":"https:\/\/photoclub-puyloubier.org\/index.php\/wp-json\/wp\/v2\/categories?post=215"},{"taxonomy":"post_tag","embeddable":true,"href":"https:\/\/photoclub-puyloubier.org\/index.php\/wp-json\/wp\/v2\/tags?post=215"}],"curies":[{"name":"wp","href":"https:\/\/api.w.org\/{rel}","templated":true}]}}