{"id":253,"date":"2018-06-13T07:35:55","date_gmt":"2018-06-13T05:35:55","guid":{"rendered":"http:\/\/photoclub-puyloubier.org\/?p=253"},"modified":"2018-09-19T08:55:00","modified_gmt":"2018-09-19T06:55:00","slug":"exposition-couleurs-nois-et-blanc","status":"publish","type":"post","link":"https:\/\/photoclub-puyloubier.org\/index.php\/2018\/06\/13\/exposition-couleurs-nois-et-blanc\/","title":{"rendered":"Exposition &#8220;Couleurs, Noirs et Blancs&#8221;"},"content":{"rendered":"<p style=\"text-align: center;\">Le Photo Club Puyloubier a le plaisir de vous inviter \u00e0 visiter sa derni\u00e8re exposition de la saison 2017 &#8211; 2018 qui se tiendra au Moulin \u00e0 huile les 15, 16 et 17 juin prochains, de 10H00 \u00e0 18H00.<\/p>\n<p style=\"text-align: center;\">Le vernissage aura lieu le vendredi 15 juin \u00e0 partir de 18H30 et vous y \u00eates cordialement invit\u00e9 avec vos proches et amis. N&#8217;h\u00e9sitez pas \u00e0 diffuser ce courriel \u00e0 vos connaissances, ainsi que l&#8217;affiche en pi\u00e8ce jointe.<\/p>\n<p style=\"text-align: center;\">Au plaisir de vous recevoir lors de cette exposition<\/p>\n<p style=\"text-align: center;\">\n","protected":false},"excerpt":{"rendered":"<p>Le Photo Club Puyloubier a le plaisir de vous inviter \u00e0 visiter sa derni\u00e8re exposition de la saison 2017 &#8211; 2018 qui se tiendra au Moulin \u00e0 huile les 15, 16 et 17 juin prochains, de 10H00 \u00e0 18H00. Le&#8230; <a href=\"https:\/\/photoclub-puyloubier.org\/index.php\/2018\/06\/13\/exposition-couleurs-nois-et-blanc\/\" class=\"read-more\">Lire la suite&#8230;<\/a><\/p>\n","protected":false},"author":1,"featured_media":254,"comment_status":"closed","ping_status":"open","sticky":false,"template":"","format":"standard","meta":[],"categories":[10],"tags":[],"_links":{"self":[{"href":"https:\/\/photoclub-puyloubier.org\/index.php\/wp-json\/wp\/v2\/posts\/253"}],"collection":[{"href":"https:\/\/photoclub-puyloubier.org\/index.php\/wp-json\/wp\/v2\/posts"}],"about":[{"href":"https:\/\/photoclub-puyloubier.org\/index.php\/wp-json\/wp\/v2\/types\/post"}],"author":[{"embeddable":true,"href":"https:\/\/photoclub-puyloubier.org\/index.php\/wp-json\/wp\/v2\/users\/1"}],"replies":[{"embeddable":true,"href":"https:\/\/photoclub-puyloubier.org\/index.php\/wp-json\/wp\/v2\/comments?post=253"}],"version-history":[{"count":3,"href":"https:\/\/photoclub-puyloubier.org\/index.php\/wp-json\/wp\/v2\/posts\/253\/revisions"}],"predecessor-version":[{"id":318,"href":"https:\/\/photoclub-puyloubier.org\/index.php\/wp-json\/wp\/v2\/posts\/253\/revisions\/318"}],"wp:featuredmedia":[{"embeddable":true,"href":"https:\/\/photoclub-puyloubier.org\/index.php\/wp-json\/wp\/v2\/media\/254"}],"wp:attachment":[{"href":"https:\/\/photoclub-puyloubier.org\/index.php\/wp-json\/wp\/v2\/media?parent=253"}],"wp:term":[{"taxonomy":"category","embeddable":true,"href":"https:\/\/photoclub-puyloubier.org\/index.php\/wp-json\/wp\/v2\/categories?post=253"},{"taxonomy":"post_tag","embeddable":true,"href":"https:\/\/photoclub-puyloubier.org\/index.php\/wp-json\/wp\/v2\/tags?post=253"}],"curies":[{"name":"wp","href":"https:\/\/api.w.org\/{rel}","templated":true}]}}