{"id":365,"date":"2018-09-13T14:29:41","date_gmt":"2018-09-13T12:29:41","guid":{"rendered":"http:\/\/photoclub-puyloubier.org\/?p=365"},"modified":"2020-03-01T12:05:05","modified_gmt":"2020-03-01T11:05:05","slug":"inscriptions-et-reinscriptions-pour-la-saison-2018-2019","status":"publish","type":"post","link":"https:\/\/photoclub-puyloubier.org\/index.php\/2018\/09\/13\/inscriptions-et-reinscriptions-pour-la-saison-2018-2019\/","title":{"rendered":"Inscriptions et r\u00e9inscriptions"},"content":{"rendered":"<p>Les inscriptions et r\u00e9inscriptions au Photo Club sont ouvertes d\u00e8s le mois de septembre.<\/p>\n<p>Venez nous rencontrer au <strong>Forum des Associations<\/strong>, vous verrez quelques unes de nos r\u00e9alisations et nous vous expliquerons en personne le fonctionnement du Photo Club. Si vous ne pouvez pas vous d\u00e9placer, envoyez-nous un courriel (voir adresse au bas de la page) et nous vous contacterons rapidement.<\/p>\n<dl>\n<dd>\n<table width=\"605\" cellspacing=\"0\" cellpadding=\"8\">\n<colgroup>\n<col width=\"139\" \/>\n<col width=\"434\" \/> <\/colgroup>\n<tbody>\n<tr valign=\"top\">\n<td width=\"139\">\n<p align=\"right\"><strong>Cotisations<\/strong><\/p>\n<\/td>\n<td width=\"434\">\n<ul>\n<li><strong>Adultes<\/strong>: 25,00 \u20ac<\/li>\n<li><strong>Adolescents<\/strong>: 15,00 \u20ac<\/li>\n<\/ul>\n<\/td>\n<\/tr>\n<tr valign=\"top\">\n<td width=\"139\">\n<p align=\"right\"><strong>O\u00f9 s&#8217;inscrire<\/strong><\/p>\n<\/td>\n<td width=\"434\">\n<ul>\n<li><strong>Personnellement<\/strong>: au <strong>Forum des Associations<\/strong> (<strong><em><a href=\"https:\/\/puyloubier.com\/\" target=\"_blank\" rel=\"noopener noreferrer\">voir date du Forum sur le site de Puyloubier<\/a><\/em><\/strong>) qui aura lieu au th\u00e9\u00e2tre de plein air Yvonne Gamy. Le Photo Club vous accueille \u00e0 son stand.<\/li>\n<li><strong>En ligne<\/strong>, en remplissant une fiche de Pr\u00e9inscription que vous trouverez sur la page <strong><a href=\"https:\/\/photoclub-puyloubier.org\/index.php\/inscriptions\/\" target=\"_blank\" rel=\"noopener noreferrer\">Ilnscriptions au Photo Club Puyloubier.<\/a><\/strong><\/li>\n<\/ul>\n<\/td>\n<\/tr>\n<\/tbody>\n<\/table>\n<\/dd>\n<\/dl>\n","protected":false},"excerpt":{"rendered":"<p>Les inscriptions et r\u00e9inscriptions au Photo Club sont ouvertes d\u00e8s le mois de septembre. Venez nous rencontrer au Forum des Associations, vous verrez quelques unes de nos r\u00e9alisations et nous vous expliquerons en personne le fonctionnement du Photo Club. Si&#8230; <a href=\"https:\/\/photoclub-puyloubier.org\/index.php\/2018\/09\/13\/inscriptions-et-reinscriptions-pour-la-saison-2018-2019\/\" class=\"read-more\">Lire la suite&#8230;<\/a><\/p>\n","protected":false},"author":1,"featured_media":0,"comment_status":"closed","ping_status":"open","sticky":false,"template":"","format":"standard","meta":[],"categories":[1],"tags":[],"_links":{"self":[{"href":"https:\/\/photoclub-puyloubier.org\/index.php\/wp-json\/wp\/v2\/posts\/365"}],"collection":[{"href":"https:\/\/photoclub-puyloubier.org\/index.php\/wp-json\/wp\/v2\/posts"}],"about":[{"href":"https:\/\/photoclub-puyloubier.org\/index.php\/wp-json\/wp\/v2\/types\/post"}],"author":[{"embeddable":true,"href":"https:\/\/photoclub-puyloubier.org\/index.php\/wp-json\/wp\/v2\/users\/1"}],"replies":[{"embeddable":true,"href":"https:\/\/photoclub-puyloubier.org\/index.php\/wp-json\/wp\/v2\/comments?post=365"}],"version-history":[{"count":12,"href":"https:\/\/photoclub-puyloubier.org\/index.php\/wp-json\/wp\/v2\/posts\/365\/revisions"}],"predecessor-version":[{"id":479,"href":"https:\/\/photoclub-puyloubier.org\/index.php\/wp-json\/wp\/v2\/posts\/365\/revisions\/479"}],"wp:attachment":[{"href":"https:\/\/photoclub-puyloubier.org\/index.php\/wp-json\/wp\/v2\/media?parent=365"}],"wp:term":[{"taxonomy":"category","embeddable":true,"href":"https:\/\/photoclub-puyloubier.org\/index.php\/wp-json\/wp\/v2\/categories?post=365"},{"taxonomy":"post_tag","embeddable":true,"href":"https:\/\/photoclub-puyloubier.org\/index.php\/wp-json\/wp\/v2\/tags?post=365"}],"curies":[{"name":"wp","href":"https:\/\/api.w.org\/{rel}","templated":true}]}}