{"id":501,"date":"2020-07-17T22:51:24","date_gmt":"2020-07-17T20:51:24","guid":{"rendered":"https:\/\/photoclub-puyloubier.org\/?p=501"},"modified":"2020-07-17T22:51:24","modified_gmt":"2020-07-17T20:51:24","slug":"exposition-virtuelle-du-photo-club-puyloubier","status":"publish","type":"post","link":"https:\/\/photoclub-puyloubier.org\/index.php\/2020\/07\/17\/exposition-virtuelle-du-photo-club-puyloubier\/","title":{"rendered":"Exposition virtuelle du Photo Club Puyloubier"},"content":{"rendered":"\n<p>Les deux expositions que le Photo Club Puyloubier avait pr\u00e9vu (la premi\u00e8re juste apr\u00e8s les vacances scolaires de f\u00e9vrier et la deuxi\u00e8me \u00e0 la fin du mois de juin) n\u2019ont pas pu avoir lieu, vous vous en doutez.<\/p>\n\n\n\n<p>Nous avons toutefois tenu \u00e0 \u00eatre pr\u00e9sents dans la vie culturelle de Puyloubier, et ces deux \u00abnon-expositions\u00bb ont pris la forme d\u2019un livre photo num\u00e9rique que vous trouverez ci-joint au format PDF.<\/p>\n\n\n\n<p>Nous esp\u00e9rons qu\u2019il vous plaira.<\/p>\n\n\n\n<p class=\"has-text-align-center\">T\u00e9l\u00e9chargez le \u00ab<a href=\"https:\/\/photoclub-puyloubier.org\/wp-content\/uploads\/2020\/07\/livre-expo-2019-2020-web.pdf\" target=\"_blank\" rel=\"noreferrer noopener\"><strong>Livre exposition du Photo Club Puyloubier<\/strong><\/a>\u00bb<\/p>\n","protected":false},"excerpt":{"rendered":"<p><!-- wp:paragraph --><\/p>\n<p>Les deux expositions que le Photo Club Puyloubier avait pr\u00e9vu (la premi\u00e8re juste apr\u00e8s les vacances scolaires de f\u00e9vrier et la deuxi\u00e8me \u00e0 la fin du mois de juin) n\u2019ont pas pu avoir lieu, vous vous en doutez.<\/p>\n<p><!-- \/wp:paragraph --><\/p>\n<p><!-- wp:paragraph --><\/p>\n<p>Nous avons toutefois tenu \u00e0 \u00eatre pr\u00e9sents dans la vie culturelle de Puyloubier, et ces deux \u00abnon-expositions\u00bb ont pris la forme d\u2019un livre photo num\u00e9rique que vous trouverez ci-joint au format PDF.<\/p>\n<p><!-- \/wp:paragraph --><\/p>\n","protected":false},"author":1,"featured_media":0,"comment_status":"closed","ping_status":"open","sticky":false,"template":"","format":"standard","meta":[],"categories":[18,10],"tags":[],"_links":{"self":[{"href":"https:\/\/photoclub-puyloubier.org\/index.php\/wp-json\/wp\/v2\/posts\/501"}],"collection":[{"href":"https:\/\/photoclub-puyloubier.org\/index.php\/wp-json\/wp\/v2\/posts"}],"about":[{"href":"https:\/\/photoclub-puyloubier.org\/index.php\/wp-json\/wp\/v2\/types\/post"}],"author":[{"embeddable":true,"href":"https:\/\/photoclub-puyloubier.org\/index.php\/wp-json\/wp\/v2\/users\/1"}],"replies":[{"embeddable":true,"href":"https:\/\/photoclub-puyloubier.org\/index.php\/wp-json\/wp\/v2\/comments?post=501"}],"version-history":[{"count":4,"href":"https:\/\/photoclub-puyloubier.org\/index.php\/wp-json\/wp\/v2\/posts\/501\/revisions"}],"predecessor-version":[{"id":505,"href":"https:\/\/photoclub-puyloubier.org\/index.php\/wp-json\/wp\/v2\/posts\/501\/revisions\/505"}],"wp:attachment":[{"href":"https:\/\/photoclub-puyloubier.org\/index.php\/wp-json\/wp\/v2\/media?parent=501"}],"wp:term":[{"taxonomy":"category","embeddable":true,"href":"https:\/\/photoclub-puyloubier.org\/index.php\/wp-json\/wp\/v2\/categories?post=501"},{"taxonomy":"post_tag","embeddable":true,"href":"https:\/\/photoclub-puyloubier.org\/index.php\/wp-json\/wp\/v2\/tags?post=501"}],"curies":[{"name":"wp","href":"https:\/\/api.w.org\/{rel}","templated":true}]}}